{"id":12774,"date":"2026-03-26T16:05:54","date_gmt":"2026-03-26T15:05:54","guid":{"rendered":"https:\/\/www.begrafenissenhaerens.be\/?p=12774"},"modified":"2026-03-26T16:05:54","modified_gmt":"2026-03-26T15:05:54","slug":"mevr-lieve-schellekens","status":"publish","type":"post","link":"https:\/\/www.begrafenissenhaerens.be\/fr\/online-condoleren\/mevr-lieve-schellekens\/","title":{"rendered":"Mevr. Lieve Schellekens"},"content":{"rendered":"<p>geboren te Turnhout op 1 april 1940<\/p>\n<p>en overleden in het UZ Gent op 25 maart 2026.<\/p>\n","protected":false},"excerpt":{"rendered":"<p>geboren te Turnhout op 1 april 1940 en overleden in het UZ Gent op 25 maart 2026.<\/p>\n","protected":false},"author":3,"featured_media":0,"comment_status":"closed","ping_status":"closed","sticky":false,"template":"","format":"standard","meta":{"_acf_changed":false,"footnotes":""},"categories":[],"tags":[],"acf":[],"yoast_head":"<!-- This site is optimized with the Yoast SEO plugin v23.5 - https:\/\/yoast.com\/wordpress\/plugins\/seo\/ -->\n<title>Mevr. Lieve Schellekens - HAERENS Sint-Martens-Latem<\/title>\n<meta name=\"robots\" content=\"noindex, follow\" \/>\n<meta property=\"og:locale\" content=\"fr_FR\" \/>\n<meta property=\"og:type\" content=\"article\" \/>\n<meta property=\"og:title\" content=\"Mevr. Lieve Schellekens - HAERENS Sint-Martens-Latem\" \/>\n<meta property=\"og:description\" content=\"geboren te Turnhout op 1 april 1940 en overleden in het UZ Gent op 25 maart 2026.\" \/>\n<meta property=\"og:url\" content=\"https:\/\/www.begrafenissenhaerens.be\/fr\/online-condoleren\/mevr-lieve-schellekens\/\" \/>\n<meta property=\"og:site_name\" content=\"HAERENS Sint-Martens-Latem\" \/>\n<meta property=\"article:publisher\" content=\"https:\/\/www.facebook.com\/BegrafenissenHaerens\/\" \/>\n<meta property=\"article:published_time\" content=\"2026-03-26T15:05:54+00:00\" \/>\n<meta name=\"author\" content=\"Evelyne Haerens\" \/>\n<meta name=\"twitter:card\" content=\"summary_large_image\" \/>\n<meta name=\"twitter:label1\" content=\"\u00c9crit par\" \/>\n\t<meta name=\"twitter:data1\" content=\"Evelyne Haerens\" \/>\n\t<meta name=\"twitter:label2\" content=\"Dur\u00e9e de lecture estim\u00e9e\" \/>\n\t<meta name=\"twitter:data2\" content=\"1 minute\" \/>\n<script type=\"application\/ld+json\" class=\"yoast-schema-graph\">{\"@context\":\"https:\/\/schema.org\",\"@graph\":[{\"@type\":\"Article\",\"@id\":\"https:\/\/www.begrafenissenhaerens.be\/fr\/online-condoleren\/mevr-lieve-schellekens\/#article\",\"isPartOf\":{\"@id\":\"https:\/\/www.begrafenissenhaerens.be\/fr\/online-condoleren\/mevr-lieve-schellekens\/\"},\"author\":{\"name\":\"Evelyne Haerens\",\"@id\":\"https:\/\/www.begrafenissenhaerens.be\/fr\/#\/schema\/person\/f177297c84debaa1138f04bff7a1bb42\"},\"headline\":\"Mevr. Lieve Schellekens\",\"datePublished\":\"2026-03-26T15:05:54+00:00\",\"dateModified\":\"2026-03-26T15:05:54+00:00\",\"mainEntityOfPage\":{\"@id\":\"https:\/\/www.begrafenissenhaerens.be\/fr\/online-condoleren\/mevr-lieve-schellekens\/\"},\"wordCount\":16,\"publisher\":{\"@id\":\"https:\/\/www.begrafenissenhaerens.be\/fr\/#organization\"},\"inLanguage\":\"fr-FR\"},{\"@type\":\"WebPage\",\"@id\":\"https:\/\/www.begrafenissenhaerens.be\/fr\/online-condoleren\/mevr-lieve-schellekens\/\",\"url\":\"https:\/\/www.begrafenissenhaerens.be\/fr\/online-condoleren\/mevr-lieve-schellekens\/\",\"name\":\"Mevr. Lieve Schellekens - HAERENS Sint-Martens-Latem\",\"isPartOf\":{\"@id\":\"https:\/\/www.begrafenissenhaerens.be\/fr\/#website\"},\"datePublished\":\"2026-03-26T15:05:54+00:00\",\"dateModified\":\"2026-03-26T15:05:54+00:00\",\"breadcrumb\":{\"@id\":\"https:\/\/www.begrafenissenhaerens.be\/fr\/online-condoleren\/mevr-lieve-schellekens\/#breadcrumb\"},\"inLanguage\":\"fr-FR\",\"potentialAction\":[{\"@type\":\"ReadAction\",\"target\":[\"https:\/\/www.begrafenissenhaerens.be\/fr\/online-condoleren\/mevr-lieve-schellekens\/\"]}]},{\"@type\":\"BreadcrumbList\",\"@id\":\"https:\/\/www.begrafenissenhaerens.be\/fr\/online-condoleren\/mevr-lieve-schellekens\/#breadcrumb\",\"itemListElement\":[{\"@type\":\"ListItem\",\"position\":1,\"name\":\"Home\",\"item\":\"https:\/\/www.begrafenissenhaerens.be\/fr\/\"},{\"@type\":\"ListItem\",\"position\":2,\"name\":\"Mevr. Lieve Schellekens\"}]},{\"@type\":\"WebSite\",\"@id\":\"https:\/\/www.begrafenissenhaerens.be\/fr\/#website\",\"url\":\"https:\/\/www.begrafenissenhaerens.be\/fr\/\",\"name\":\"HAERENS Sint-Martens-Latem\",\"description\":\"Voor een uiterst discrete en stijlvolle aanpak van begrafenissen en crematies bent u bij Haerens uit Sint-Martens-Latem aan het juiste adres.\",\"publisher\":{\"@id\":\"https:\/\/www.begrafenissenhaerens.be\/fr\/#organization\"},\"potentialAction\":[{\"@type\":\"SearchAction\",\"target\":{\"@type\":\"EntryPoint\",\"urlTemplate\":\"https:\/\/www.begrafenissenhaerens.be\/fr\/?s={search_term_string}\"},\"query-input\":{\"@type\":\"PropertyValueSpecification\",\"valueRequired\":true,\"valueName\":\"search_term_string\"}}],\"inLanguage\":\"fr-FR\"},{\"@type\":\"Organization\",\"@id\":\"https:\/\/www.begrafenissenhaerens.be\/fr\/#organization\",\"name\":\"Begrafenissen Haerens\",\"url\":\"https:\/\/www.begrafenissenhaerens.be\/fr\/\",\"logo\":{\"@type\":\"ImageObject\",\"inLanguage\":\"fr-FR\",\"@id\":\"https:\/\/www.begrafenissenhaerens.be\/fr\/#\/schema\/logo\/image\/\",\"url\":\"https:\/\/www.begrafenissenhaerens.be\/wp-content\/uploads\/2020\/10\/haerens_logo.svg\",\"contentUrl\":\"https:\/\/www.begrafenissenhaerens.be\/wp-content\/uploads\/2020\/10\/haerens_logo.svg\",\"caption\":\"Begrafenissen Haerens\"},\"image\":{\"@id\":\"https:\/\/www.begrafenissenhaerens.be\/fr\/#\/schema\/logo\/image\/\"},\"sameAs\":[\"https:\/\/www.facebook.com\/BegrafenissenHaerens\/\"]},{\"@type\":\"Person\",\"@id\":\"https:\/\/www.begrafenissenhaerens.be\/fr\/#\/schema\/person\/f177297c84debaa1138f04bff7a1bb42\",\"name\":\"Evelyne Haerens\"}]}<\/script>\n<!-- \/ Yoast SEO plugin. -->","yoast_head_json":{"title":"Mevr. Lieve Schellekens - HAERENS Sint-Martens-Latem","robots":{"index":"noindex","follow":"follow"},"og_locale":"fr_FR","og_type":"article","og_title":"Mevr. Lieve Schellekens - HAERENS Sint-Martens-Latem","og_description":"geboren te Turnhout op 1 april 1940 en overleden in het UZ Gent op 25 maart 2026.","og_url":"https:\/\/www.begrafenissenhaerens.be\/fr\/online-condoleren\/mevr-lieve-schellekens\/","og_site_name":"HAERENS Sint-Martens-Latem","article_publisher":"https:\/\/www.facebook.com\/BegrafenissenHaerens\/","article_published_time":"2026-03-26T15:05:54+00:00","author":"Evelyne Haerens","twitter_card":"summary_large_image","twitter_misc":{"\u00c9crit par":"Evelyne Haerens","Dur\u00e9e de lecture estim\u00e9e":"1 minute"},"schema":{"@context":"https:\/\/schema.org","@graph":[{"@type":"Article","@id":"https:\/\/www.begrafenissenhaerens.be\/fr\/online-condoleren\/mevr-lieve-schellekens\/#article","isPartOf":{"@id":"https:\/\/www.begrafenissenhaerens.be\/fr\/online-condoleren\/mevr-lieve-schellekens\/"},"author":{"name":"Evelyne Haerens","@id":"https:\/\/www.begrafenissenhaerens.be\/fr\/#\/schema\/person\/f177297c84debaa1138f04bff7a1bb42"},"headline":"Mevr. Lieve Schellekens","datePublished":"2026-03-26T15:05:54+00:00","dateModified":"2026-03-26T15:05:54+00:00","mainEntityOfPage":{"@id":"https:\/\/www.begrafenissenhaerens.be\/fr\/online-condoleren\/mevr-lieve-schellekens\/"},"wordCount":16,"publisher":{"@id":"https:\/\/www.begrafenissenhaerens.be\/fr\/#organization"},"inLanguage":"fr-FR"},{"@type":"WebPage","@id":"https:\/\/www.begrafenissenhaerens.be\/fr\/online-condoleren\/mevr-lieve-schellekens\/","url":"https:\/\/www.begrafenissenhaerens.be\/fr\/online-condoleren\/mevr-lieve-schellekens\/","name":"Mevr. Lieve Schellekens - HAERENS Sint-Martens-Latem","isPartOf":{"@id":"https:\/\/www.begrafenissenhaerens.be\/fr\/#website"},"datePublished":"2026-03-26T15:05:54+00:00","dateModified":"2026-03-26T15:05:54+00:00","breadcrumb":{"@id":"https:\/\/www.begrafenissenhaerens.be\/fr\/online-condoleren\/mevr-lieve-schellekens\/#breadcrumb"},"inLanguage":"fr-FR","potentialAction":[{"@type":"ReadAction","target":["https:\/\/www.begrafenissenhaerens.be\/fr\/online-condoleren\/mevr-lieve-schellekens\/"]}]},{"@type":"BreadcrumbList","@id":"https:\/\/www.begrafenissenhaerens.be\/fr\/online-condoleren\/mevr-lieve-schellekens\/#breadcrumb","itemListElement":[{"@type":"ListItem","position":1,"name":"Home","item":"https:\/\/www.begrafenissenhaerens.be\/fr\/"},{"@type":"ListItem","position":2,"name":"Mevr. Lieve Schellekens"}]},{"@type":"WebSite","@id":"https:\/\/www.begrafenissenhaerens.be\/fr\/#website","url":"https:\/\/www.begrafenissenhaerens.be\/fr\/","name":"HAERENS Sint-Martens-Latem","description":"Voor een uiterst discrete en stijlvolle aanpak van begrafenissen en crematies bent u bij Haerens uit Sint-Martens-Latem aan het juiste adres.","publisher":{"@id":"https:\/\/www.begrafenissenhaerens.be\/fr\/#organization"},"potentialAction":[{"@type":"SearchAction","target":{"@type":"EntryPoint","urlTemplate":"https:\/\/www.begrafenissenhaerens.be\/fr\/?s={search_term_string}"},"query-input":{"@type":"PropertyValueSpecification","valueRequired":true,"valueName":"search_term_string"}}],"inLanguage":"fr-FR"},{"@type":"Organization","@id":"https:\/\/www.begrafenissenhaerens.be\/fr\/#organization","name":"Begrafenissen Haerens","url":"https:\/\/www.begrafenissenhaerens.be\/fr\/","logo":{"@type":"ImageObject","inLanguage":"fr-FR","@id":"https:\/\/www.begrafenissenhaerens.be\/fr\/#\/schema\/logo\/image\/","url":"https:\/\/www.begrafenissenhaerens.be\/wp-content\/uploads\/2020\/10\/haerens_logo.svg","contentUrl":"https:\/\/www.begrafenissenhaerens.be\/wp-content\/uploads\/2020\/10\/haerens_logo.svg","caption":"Begrafenissen Haerens"},"image":{"@id":"https:\/\/www.begrafenissenhaerens.be\/fr\/#\/schema\/logo\/image\/"},"sameAs":["https:\/\/www.facebook.com\/BegrafenissenHaerens\/"]},{"@type":"Person","@id":"https:\/\/www.begrafenissenhaerens.be\/fr\/#\/schema\/person\/f177297c84debaa1138f04bff7a1bb42","name":"Evelyne Haerens"}]}},"_links":{"self":[{"href":"https:\/\/www.begrafenissenhaerens.be\/fr\/wp-json\/wp\/v2\/posts\/12774"}],"collection":[{"href":"https:\/\/www.begrafenissenhaerens.be\/fr\/wp-json\/wp\/v2\/posts"}],"about":[{"href":"https:\/\/www.begrafenissenhaerens.be\/fr\/wp-json\/wp\/v2\/types\/post"}],"author":[{"embeddable":true,"href":"https:\/\/www.begrafenissenhaerens.be\/fr\/wp-json\/wp\/v2\/users\/3"}],"replies":[{"embeddable":true,"href":"https:\/\/www.begrafenissenhaerens.be\/fr\/wp-json\/wp\/v2\/comments?post=12774"}],"version-history":[{"count":1,"href":"https:\/\/www.begrafenissenhaerens.be\/fr\/wp-json\/wp\/v2\/posts\/12774\/revisions"}],"predecessor-version":[{"id":12778,"href":"https:\/\/www.begrafenissenhaerens.be\/fr\/wp-json\/wp\/v2\/posts\/12774\/revisions\/12778"}],"wp:attachment":[{"href":"https:\/\/www.begrafenissenhaerens.be\/fr\/wp-json\/wp\/v2\/media?parent=12774"}],"wp:term":[{"taxonomy":"category","embeddable":true,"href":"https:\/\/www.begrafenissenhaerens.be\/fr\/wp-json\/wp\/v2\/categories?post=12774"},{"taxonomy":"post_tag","embeddable":true,"href":"https:\/\/www.begrafenissenhaerens.be\/fr\/wp-json\/wp\/v2\/tags?post=12774"}],"curies":[{"name":"wp","href":"https:\/\/api.w.org\/{rel}","templated":true}]}}